{"id":2982,"date":"2025-10-09T09:40:14","date_gmt":"2025-10-09T09:40:14","guid":{"rendered":"https:\/\/www.xarxa-solidaria.cat\/?p=2982"},"modified":"2025-10-09T09:42:09","modified_gmt":"2025-10-09T09:42:09","slug":"iii-jornada-desports-adaptats","status":"publish","type":"post","link":"https:\/\/www.xarxa-solidaria.cat\/?p=2982","title":{"rendered":"III JORNADA D&#8217;ESPORTS ADAPTATS"},"content":{"rendered":"\n<p><img decoding=\"async\" height=\"16\" width=\"16\" src=\"https:\/\/static.xx.fbcdn.net\/images\/emoji.php\/v9\/t39\/1\/16\/1f4e2.png\" alt=\"\ud83d\udce2\"> III JORNADA D&#8217;ESPORTS PER A TOTHOM<\/p>\n\n\n\n<p><img decoding=\"async\" height=\"16\" width=\"16\" alt=\"\ud83d\udccd\" src=\"https:\/\/static.xx.fbcdn.net\/images\/emoji.php\/v9\/t2d\/1\/16\/1f4cd.png\">Torna la mostra d&#8217;esports adaptats a Reus, la jornada tindr\u00e0 lloc a la Pla\u00e7a Llibertat el pr\u00f2xim 17 d&#8217;octubre 2025. Comptar\u00e0 amb dos horaris: mat\u00ed (sessions escolars) de 10 a 13 h i tarda (oberta a tothom) de 16 a 19 h.<\/p>\n\n\n\n<p>Pots consultar les modalitats esportives que es practicaran al seg\u00fcent enlla\u00e7 <img decoding=\"async\" height=\"16\" width=\"16\" src=\"https:\/\/static.xx.fbcdn.net\/images\/emoji.php\/v9\/t9e\/1\/16\/27a1.png\" alt=\"\u27a1\ufe0f\"> <a href=\"https:\/\/www.reus.cat\/agenda\/iii-jornada-desports-tothom?fbclid=IwZXh0bgNhZW0CMTAAYnJpZBEwaTJSckV2b3h3aWh1R2lCYgEel2dOcLWTxrCgN59FnqEOnMK75Ojg9OXZMpIPROhPaBy2RwRxEMRPJm2CMTE_aem_R8QRnuIcCQu4t-r0QFnrXA\" target=\"_blank\" rel=\"noreferrer noopener\">https:\/\/www.reus.cat\/agenda\/iii-jornada-desports-tothom<\/a><\/p>\n\n\n\n<p>No <a><\/a>t&#8217;ho perdis!<\/p>\n\n\n\n<figure class=\"wp-block-image size-large is-resized\"><img loading=\"lazy\" decoding=\"async\" width=\"724\" height=\"1024\" src=\"https:\/\/www.xarxa-solidaria.cat\/wp-content\/uploads\/2025\/10\/cartell_esports_per_a_tothom_2025-724x1024.jpg\" alt=\"\" class=\"wp-image-2983\" style=\"width:421px;height:auto\" srcset=\"https:\/\/www.xarxa-solidaria.cat\/wp-content\/uploads\/2025\/10\/cartell_esports_per_a_tothom_2025-724x1024.jpg 724w, https:\/\/www.xarxa-solidaria.cat\/wp-content\/uploads\/2025\/10\/cartell_esports_per_a_tothom_2025-212x300.jpg 212w, https:\/\/www.xarxa-solidaria.cat\/wp-content\/uploads\/2025\/10\/cartell_esports_per_a_tothom_2025-768x1086.jpg 768w, https:\/\/www.xarxa-solidaria.cat\/wp-content\/uploads\/2025\/10\/cartell_esports_per_a_tothom_2025-1086x1536.jpg 1086w, https:\/\/www.xarxa-solidaria.cat\/wp-content\/uploads\/2025\/10\/cartell_esports_per_a_tothom_2025-600x849.jpg 600w, https:\/\/www.xarxa-solidaria.cat\/wp-content\/uploads\/2025\/10\/cartell_esports_per_a_tothom_2025.jpg 1448w\" sizes=\"(max-width: 724px) 100vw, 724px\" \/><\/figure>\n","protected":false},"excerpt":{"rendered":"<p>III JORNADA D&#8217;ESPORTS PER A TOTHOM Torna la mostra d&#8217;esports adaptats a Reus, la jornada tindr\u00e0 lloc a la Pla\u00e7a Llibertat el pr\u00f2xim 17 d&#8217;octubre 2025. Comptar\u00e0 amb dos horaris: &#8230;<\/p>\n","protected":false},"author":1,"featured_media":2983,"comment_status":"closed","ping_status":"closed","sticky":false,"template":"","format":"standard","meta":{"footnotes":""},"categories":[1],"tags":[],"class_list":["post-2982","post","type-post","status-publish","format-standard","has-post-thumbnail","hentry","category-uncategorized"],"_links":{"self":[{"href":"https:\/\/www.xarxa-solidaria.cat\/index.php?rest_route=\/wp\/v2\/posts\/2982","targetHints":{"allow":["GET"]}}],"collection":[{"href":"https:\/\/www.xarxa-solidaria.cat\/index.php?rest_route=\/wp\/v2\/posts"}],"about":[{"href":"https:\/\/www.xarxa-solidaria.cat\/index.php?rest_route=\/wp\/v2\/types\/post"}],"author":[{"embeddable":true,"href":"https:\/\/www.xarxa-solidaria.cat\/index.php?rest_route=\/wp\/v2\/users\/1"}],"replies":[{"embeddable":true,"href":"https:\/\/www.xarxa-solidaria.cat\/index.php?rest_route=%2Fwp%2Fv2%2Fcomments&post=2982"}],"version-history":[{"count":2,"href":"https:\/\/www.xarxa-solidaria.cat\/index.php?rest_route=\/wp\/v2\/posts\/2982\/revisions"}],"predecessor-version":[{"id":2985,"href":"https:\/\/www.xarxa-solidaria.cat\/index.php?rest_route=\/wp\/v2\/posts\/2982\/revisions\/2985"}],"wp:featuredmedia":[{"embeddable":true,"href":"https:\/\/www.xarxa-solidaria.cat\/index.php?rest_route=\/wp\/v2\/media\/2983"}],"wp:attachment":[{"href":"https:\/\/www.xarxa-solidaria.cat\/index.php?rest_route=%2Fwp%2Fv2%2Fmedia&parent=2982"}],"wp:term":[{"taxonomy":"category","embeddable":true,"href":"https:\/\/www.xarxa-solidaria.cat\/index.php?rest_route=%2Fwp%2Fv2%2Fcategories&post=2982"},{"taxonomy":"post_tag","embeddable":true,"href":"https:\/\/www.xarxa-solidaria.cat\/index.php?rest_route=%2Fwp%2Fv2%2Ftags&post=2982"}],"curies":[{"name":"wp","href":"https:\/\/api.w.org\/{rel}","templated":true}]}}